{"id":2251,"date":"2018-06-25T11:00:24","date_gmt":"2018-06-25T09:00:24","guid":{"rendered":"http:\/\/geschwister-niederbacher.com\/cms\/?p=2251"},"modified":"2018-06-25T11:00:24","modified_gmt":"2018-06-25T09:00:24","slug":"jubilaeumskonzert-open-air-2018","status":"publish","type":"post","link":"http:\/\/geschwister-niederbacher.com\/cms\/?p=2251","title":{"rendered":"Jubil\u00e4umskonzert + Open Air 2018"},"content":{"rendered":"<p><strong> Auf ein gelungenes 2 t\u00e4giges Festprogramm, mit Vorstellung der neuen DVD \u00a0blicken die 4 Geschwister mit Vater Hans mit Stolz und Dankbarkeit zur\u00fcck. <\/strong><\/p>\n<p><strong>Ein besonderes Programm sollte es diesmal sein, deshalb lud die Musikantenfamilie am Samstagabend zu einem Jubil\u00e4umskonzert in Ihr Heimatdorf ein. Als musikalischer Gast wirkte\u00a0 \u201eWilli Lempfrecher\u201c mit, und nat\u00fcrlich die beiden Generationen lie\u00dfen Ihre sch\u00f6nsten Lieder erklingen. Als Ehrengast kam auch At. Landeshauptmann \u201eDr. Luis Durnwalder\u201c<\/strong><strong>, auch er \u00fcberbrachte an diesen Abend seine Gl\u00fcckw\u00fcnsche. <\/strong><strong><img decoding=\"async\" loading=\"lazy\" class=\"size-medium wp-image-2253 aligncenter\" src=\"http:\/\/geschwister-niederbacher.com\/cms\/wp-content\/uploads\/2018\/06\/DSC_3363-1-300x199.jpg\" alt=\"\" width=\"300\" height=\"199\" srcset=\"http:\/\/geschwister-niederbacher.com\/cms\/wp-content\/uploads\/2018\/06\/DSC_3363-1-300x199.jpg 300w, http:\/\/geschwister-niederbacher.com\/cms\/wp-content\/uploads\/2018\/06\/DSC_3363-1-768x509.jpg 768w, http:\/\/geschwister-niederbacher.com\/cms\/wp-content\/uploads\/2018\/06\/DSC_3363-1-1024x678.jpg 1024w, http:\/\/geschwister-niederbacher.com\/cms\/wp-content\/uploads\/2018\/06\/DSC_3363-1-750x497.jpg 750w\" sizes=\"(max-width: 300px) 100vw, 300px\" \/><\/strong><\/p>\n<p><strong>Am Sonntag beschrieb es Moderator \u201e<\/strong><strong>G\u00fcnther Sturm<\/strong><strong>\u201c betreffend: Wenn die Familie Niede<\/strong><strong>rbacher einladet, dann \u00f6ffnet sich \u00fcber das Pustertal der Himmel gerecht, denn das Wetter konnte abwechselnd mit Sonne und Wolken nicht besser sein, es schien so, als w\u00e4re es gerade bestimmt gewesen f\u00fcr diesen Festtag. <\/strong><\/p>\n<p><strong>Zum Festbeginn marschierten die \u201eSchuhplattler aus Meransen\u201c mit den Gastgebern \u00fcber das Festgel\u00e4nde und er\u00f6ffneten das Fest. Abwechselnd sorgten sie mit ihren Showeinlagen f\u00fcr tolle Stimmung. <\/strong><\/p>\n<p><strong>Zum Fr\u00fchshoppen spielten die 2 Br\u00fcder <\/strong><strong>Markus<\/strong><strong> und <\/strong><strong>Thomas<\/strong><strong> bekannt <\/strong><strong>als die \u201eBruggerbuam\u201c auf und brachte das Publikum richtig in Schwung. \u00a0<\/strong><\/p>\n<p><strong>Die Gruppe \u201eTirolerwind\u201c war auch mit von der Party. Mit viel guter Laune pr\u00e4sentierten Sie ihre Lieder von der neuen CD \u201eHalli Galli\u201c. <\/strong><\/p>\n<p><strong>Mehrere tausende Menschen aus Nah und Fern f\u00fcllten den Berghang, unter Ihnen viele S\u00fcdtiroler, geladene Ehreng\u00e4ste, \u00a0sowie Fans aus Deutschland, \u00d6sterreich, Schweiz, D\u00e4nemark, Elsass \u00a0und sogar aus Holland genossen unter freien Himmel die tolle Atmosph\u00e4re.<\/strong><\/p>\n<p><strong>Der H\u00f6hepunkt stand am Nachmittag fest als Andrea, Christina, Angelika und Manfred mit Vater Hans auf der B\u00fchne standen. Mit Ihren Liedern und Ihren wunderbaren Stimmen begeisterten Sie das Publikum.<\/strong><\/p>\n<p><strong>\u201eKarl Krajic mit Familie\u201c \u00fcberbrachte die Grussworte von der Firma <\/strong><strong>MCP &amp; VM Records<\/strong><strong> und gratulierte den 4 Ge<\/strong><strong>schwistern zum gelun<\/strong><strong>genen Fest. Vater \u201eHans Niederbacher\u201c wurde f\u00fcr seine 50 B\u00fchnenjahre mit den Verdie<\/strong><strong>nsten der Volksmusik ausgezeichnet.<\/strong><strong><img decoding=\"async\" loading=\"lazy\" class=\"size-medium wp-image-2254 aligncenter\" src=\"http:\/\/geschwister-niederbacher.com\/cms\/wp-content\/uploads\/2018\/06\/37-1-300x200.jpg\" alt=\"\" width=\"300\" height=\"200\" srcset=\"http:\/\/geschwister-niederbacher.com\/cms\/wp-content\/uploads\/2018\/06\/37-1-300x200.jpg 300w, http:\/\/geschwister-niederbacher.com\/cms\/wp-content\/uploads\/2018\/06\/37-1-768x513.jpg 768w, http:\/\/geschwister-niederbacher.com\/cms\/wp-content\/uploads\/2018\/06\/37-1-1024x683.jpg 1024w, http:\/\/geschwister-niederbacher.com\/cms\/wp-content\/uploads\/2018\/06\/37-1-750x501.jpg 750w\" sizes=\"(max-width: 300px) 100vw, 300px\" \/><\/strong><\/p>\n<p><strong>\u201eEine Alpenparty\u201c lie\u00dfen zum Festausklang die \u201eZellberg Bua<\/strong><strong>m\u201c erklingen. Die 3 Br\u00fcder aus dem Zillertal sorgten f\u00fcr eine tolle Stimmu<\/strong><strong>ng <\/strong><strong>unter <\/strong><strong>freiem Himmel. <\/strong><\/p>\n<p><strong>Durch das Programm f\u00fchrte Moderator \u201eG\u00fcnther Sturm\u201c, mit seiner B\u00fchnenpr\u00e4senz leitete er f\u00fcr den Festablauf alle Schritte ein.<\/strong><\/p>\n<p><strong>Die Geschwister Niederbacher werden diesen Tag dankend in Erinnerung behalten und freuen sich auf die n\u00e4chsten 10 &#8211; 50 musikalischen Jahre. <\/strong><\/p>\n<p><strong>Ein grosses Dankesch\u00f6n gilt all Ihren Freunden und Fans. <\/strong><\/p>\n<p><strong>Ihren musikalischen G\u00e4sten: Willy Lempfrecher, \u00a0Burggerbuam, Tirolerwind, Zellbergbuam, \u00a0Schuhplattler aus Meransen. <\/strong><\/p>\n<p><strong>Danke an Firma MCP &amp; VM Records f\u00fcr die Unterst\u00fctzung in all diesen Jahren.<\/strong><\/p>\n<p><strong>Danke: Sponsoren, an den Techniker TOM, Vertretung Fan Shop \u2013 Fam. Freiberger Paul, <\/strong><\/p>\n<p><strong>Feuerwehr M\u00fchlbach \/ Tesselberg, \u00a0allen freiwilligen Helfern und ganz besonders bei <u>Ihrem Fanclub der immer an Ihrer Seite steht.<\/u> <\/strong><\/p>\n<p><strong>\u00a0<\/strong><\/p>\n","protected":false},"excerpt":{"rendered":"<p>Auf ein gelungenes 2 t\u00e4giges Festprogramm, mit Vorstellung der neuen DVD \u00a0blicken die 4 Geschwister mit Vater Hans mit Stolz und Dankbarkeit zur\u00fcck. Ein besonderes Programm sollte es diesmal sein, deshalb lud die Musikantenfamilie am Samstagabend zu einem Jubil\u00e4umskonzert in Ihr Heimatdorf ein. Als musikalischer Gast wirkte\u00a0 \u201eWilli Lempfrecher\u201c mit, und nat\u00fcrlich die beiden Generationen [&hellip;]<\/p>\n","protected":false},"author":2,"featured_media":0,"comment_status":"closed","ping_status":"open","sticky":false,"template":"","format":"standard","meta":{"footnotes":""},"categories":[1],"tags":[],"_links":{"self":[{"href":"http:\/\/geschwister-niederbacher.com\/cms\/index.php?rest_route=\/wp\/v2\/posts\/2251"}],"collection":[{"href":"http:\/\/geschwister-niederbacher.com\/cms\/index.php?rest_route=\/wp\/v2\/posts"}],"about":[{"href":"http:\/\/geschwister-niederbacher.com\/cms\/index.php?rest_route=\/wp\/v2\/types\/post"}],"author":[{"embeddable":true,"href":"http:\/\/geschwister-niederbacher.com\/cms\/index.php?rest_route=\/wp\/v2\/users\/2"}],"replies":[{"embeddable":true,"href":"http:\/\/geschwister-niederbacher.com\/cms\/index.php?rest_route=%2Fwp%2Fv2%2Fcomments&post=2251"}],"version-history":[{"count":2,"href":"http:\/\/geschwister-niederbacher.com\/cms\/index.php?rest_route=\/wp\/v2\/posts\/2251\/revisions"}],"predecessor-version":[{"id":2255,"href":"http:\/\/geschwister-niederbacher.com\/cms\/index.php?rest_route=\/wp\/v2\/posts\/2251\/revisions\/2255"}],"wp:attachment":[{"href":"http:\/\/geschwister-niederbacher.com\/cms\/index.php?rest_route=%2Fwp%2Fv2%2Fmedia&parent=2251"}],"wp:term":[{"taxonomy":"category","embeddable":true,"href":"http:\/\/geschwister-niederbacher.com\/cms\/index.php?rest_route=%2Fwp%2Fv2%2Fcategories&post=2251"},{"taxonomy":"post_tag","embeddable":true,"href":"http:\/\/geschwister-niederbacher.com\/cms\/index.php?rest_route=%2Fwp%2Fv2%2Ftags&post=2251"}],"curies":[{"name":"wp","href":"https:\/\/api.w.org\/{rel}","templated":true}]}}