{"id":1919,"date":"2018-02-07T16:54:47","date_gmt":"2018-02-07T15:54:47","guid":{"rendered":"http:\/\/geschwister-niederbacher.com\/cms\/?p=1919"},"modified":"2018-02-07T17:42:24","modified_gmt":"2018-02-07T16:42:24","slug":"es-begann-vor-vielen-jahren","status":"publish","type":"post","link":"http:\/\/geschwister-niederbacher.com\/cms\/?p=1919","title":{"rendered":"&#8222;Es begann vor vielen Jahren&#8220;"},"content":{"rendered":"<p>Dies k\u00f6nnen wir Geschwister Niederbacher sagen: genauer gesagt in den 70-er Jahren, damals in der Besetzung mit Vater Hans und Onkel Walter.<\/p>\n<p>Sie belegten \u00a0bei dem Musikalischen Wettbewerb \u201eAus unserem Studio\u201c den ersten Platz mit dem Lied \u201eEin kleines Edelweiss\u201c.<\/p>\n<p>Zum <strong>50- J\u00e4hrigen B\u00fchnenjubil\u00e4um von Vater Hans<\/strong> und <strong>10-J\u00e4hrigen B\u00fchnenjubil\u00e4um<\/strong> von Manfred, Christina, Angelika &amp; Andrea erscheint die 2 CD Edition.<\/p>\n<p>Auf diesem Album haben wir Gemeinsam mit Vater Hans die gro\u00dfen Erfolge der 1. Generation\u00a0\u00a0\u00a0\u00a0\u00a0\u00a0\u00a0\u00a0 (Hans &amp; Walter) u.A. auch das Lied \u201eEin kleines Edelweiss\u201c neu aufgenommen und im unverwechselbaren Klang der Geschwister Niederbacher interpretiert.<img decoding=\"async\" loading=\"lazy\" class=\"size-medium wp-image-1920 alignright\" src=\"http:\/\/geschwister-niederbacher.com\/cms\/wp-content\/uploads\/2018\/02\/CD-2018-300x281.png\" alt=\"\" width=\"300\" height=\"281\" srcset=\"http:\/\/geschwister-niederbacher.com\/cms\/wp-content\/uploads\/2018\/02\/CD-2018-300x281.png 300w, http:\/\/geschwister-niederbacher.com\/cms\/wp-content\/uploads\/2018\/02\/CD-2018-768x720.png 768w, http:\/\/geschwister-niederbacher.com\/cms\/wp-content\/uploads\/2018\/02\/CD-2018-1024x961.png 1024w, http:\/\/geschwister-niederbacher.com\/cms\/wp-content\/uploads\/2018\/02\/CD-2018-750x704.png 750w, http:\/\/geschwister-niederbacher.com\/cms\/wp-content\/uploads\/2018\/02\/CD-2018.png 1808w\" sizes=\"(max-width: 300px) 100vw, 300px\" \/><\/p>\n<p>Die 2. CD beinhaltet original Aufnahmen der 1. Generation der Geschwister Niederbacher die bisher noch nie erschienen sind, als Erinnerung an die 1. Generation.<\/p>\n","protected":false},"excerpt":{"rendered":"<p>Dies k\u00f6nnen wir Geschwister Niederbacher sagen: genauer gesagt in den 70-er Jahren, damals in der Besetzung mit Vater Hans und Onkel Walter. Sie belegten \u00a0bei dem Musikalischen Wettbewerb \u201eAus unserem Studio\u201c den ersten Platz mit dem Lied \u201eEin kleines Edelweiss\u201c. Zum 50- J\u00e4hrigen B\u00fchnenjubil\u00e4um von Vater Hans und 10-J\u00e4hrigen B\u00fchnenjubil\u00e4um von Manfred, Christina, Angelika &amp; [&hellip;]<\/p>\n","protected":false},"author":2,"featured_media":0,"comment_status":"closed","ping_status":"open","sticky":false,"template":"","format":"standard","meta":{"footnotes":""},"categories":[1],"tags":[],"_links":{"self":[{"href":"http:\/\/geschwister-niederbacher.com\/cms\/index.php?rest_route=\/wp\/v2\/posts\/1919"}],"collection":[{"href":"http:\/\/geschwister-niederbacher.com\/cms\/index.php?rest_route=\/wp\/v2\/posts"}],"about":[{"href":"http:\/\/geschwister-niederbacher.com\/cms\/index.php?rest_route=\/wp\/v2\/types\/post"}],"author":[{"embeddable":true,"href":"http:\/\/geschwister-niederbacher.com\/cms\/index.php?rest_route=\/wp\/v2\/users\/2"}],"replies":[{"embeddable":true,"href":"http:\/\/geschwister-niederbacher.com\/cms\/index.php?rest_route=%2Fwp%2Fv2%2Fcomments&post=1919"}],"version-history":[{"count":3,"href":"http:\/\/geschwister-niederbacher.com\/cms\/index.php?rest_route=\/wp\/v2\/posts\/1919\/revisions"}],"predecessor-version":[{"id":1925,"href":"http:\/\/geschwister-niederbacher.com\/cms\/index.php?rest_route=\/wp\/v2\/posts\/1919\/revisions\/1925"}],"wp:attachment":[{"href":"http:\/\/geschwister-niederbacher.com\/cms\/index.php?rest_route=%2Fwp%2Fv2%2Fmedia&parent=1919"}],"wp:term":[{"taxonomy":"category","embeddable":true,"href":"http:\/\/geschwister-niederbacher.com\/cms\/index.php?rest_route=%2Fwp%2Fv2%2Fcategories&post=1919"},{"taxonomy":"post_tag","embeddable":true,"href":"http:\/\/geschwister-niederbacher.com\/cms\/index.php?rest_route=%2Fwp%2Fv2%2Ftags&post=1919"}],"curies":[{"name":"wp","href":"https:\/\/api.w.org\/{rel}","templated":true}]}}